{"id":802,"date":"2017-09-26T01:21:04","date_gmt":"2017-09-25T23:21:04","guid":{"rendered":"http:\/\/www.porphyrie-leberring.de\/?p=802"},"modified":"2019-10-08T17:03:38","modified_gmt":"2019-10-08T15:03:38","slug":"einladung-zum-2-porphyrie-gruppentreffen-am-07-10-17-in-berlin","status":"publish","type":"post","link":"https:\/\/www.porphyrie-leberring.de\/en\/2017\/09\/einladung-zum-2-porphyrie-gruppentreffen-am-07-10-17-in-berlin\/","title":{"rendered":"Einladung zum 2. Porphyrie-Gruppentreffen am 07.10.17 in Berlin"},"content":{"rendered":"<h3><strong>Liebe Betroffene,<br \/>\nhiermit laden wir Sie herzlich zum diesj\u00e4hrigen zweiten Treffen der Porphyrie-Gruppe ein.<\/strong><\/h3>\n<ul>\n<strong>Unser n\u00e4chstes Treffen findet statt am:<\/strong><br \/>\nSamstag, den 07.10.2017 ab 13:00 Uhr<br \/>\nin den Gruppenr\u00e4umen des Berliner Leberring e.V.<\/ul>\n<p>Wir haben uns auch dieses Mal wieder einige Themen \u00fcberlegt, die wir gerne mit euch besprechen w\u00fcrden.<\/p>\n<ul>\n<strong>Unsere Themen werden sein:<\/strong><\/p>\n<li>R\u00fcckblick auf das 2. Porphyrie-Symposium vom 14. und 15.07.<\/li>\n<li>Eingang der Erfahrungsberichte und Stammb\u00e4ume<\/li>\n<li>Terminw\u00fcnsche f\u00fcr die n\u00e4chsten Gruppentreffen 2018<\/li>\n<\/ul>\n<p>Nat\u00fcrlich sind wir auch f\u00fcr weitere Vorschl\u00e4ge offen.<\/p>\n<p>Bitte meldet Euch vorher an, da wir wie immer einen kleinen Imbiss bereit halten.<\/p>\n<p>Nette Gr\u00fc\u00dfe<br \/>\nDas Leberringteam<\/p>\n<p><a href=\"http:\/\/www.porphyrie-leberring.de\/wp-content\/uploads\/2017\/09\/Einladung-2.-Porphyrie-Gruppentreffen-07.10.17.pdf\" target=\"_blank\" rel=\"noopener noreferrer\"><button type=\"button\">Download Einladung zum 2. Porphyrie-Gruppentreffen ->><\/button><\/a><\/p>\n","protected":false},"excerpt":{"rendered":"<p>Liebe Betroffene, hiermit laden wir Sie herzlich zum diesj\u00e4hrigen zweiten Treffen der Porphyrie-Gruppe ein. Unser n\u00e4chstes Treffen findet statt am: Samstag, den 07.10.2017 ab 13:00 Uhr in den Gruppenr\u00e4umen des Berliner Leberring e.V. Wir haben uns auch dieses Mal wieder einige Themen \u00fcberlegt, die wir gerne mit euch besprechen w\u00fcrden. Unsere Themen werden sein: R\u00fcckblick [&hellip;]<\/p>\n","protected":false},"author":4,"featured_media":0,"comment_status":"closed","ping_status":"open","sticky":false,"template":"","format":"standard","meta":{"footnotes":""},"categories":[3],"tags":[],"class_list":{"0":"post-802","1":"post","2":"type-post","3":"status-publish","4":"format-standard","6":"category-termine","7":"czr-hentry"},"translation":{"provider":"WPGlobus","version":"3.0.2","language":"en","enabled_languages":["de","en"],"languages":{"de":{"title":true,"content":true,"excerpt":false},"en":{"title":false,"content":false,"excerpt":false}}},"aioseo_notices":[],"_links":{"self":[{"href":"https:\/\/www.porphyrie-leberring.de\/en\/wp-json\/wp\/v2\/posts\/802","targetHints":{"allow":["GET"]}}],"collection":[{"href":"https:\/\/www.porphyrie-leberring.de\/en\/wp-json\/wp\/v2\/posts"}],"about":[{"href":"https:\/\/www.porphyrie-leberring.de\/en\/wp-json\/wp\/v2\/types\/post"}],"author":[{"embeddable":true,"href":"https:\/\/www.porphyrie-leberring.de\/en\/wp-json\/wp\/v2\/users\/4"}],"replies":[{"embeddable":true,"href":"https:\/\/www.porphyrie-leberring.de\/en\/wp-json\/wp\/v2\/comments?post=802"}],"version-history":[{"count":8,"href":"https:\/\/www.porphyrie-leberring.de\/en\/wp-json\/wp\/v2\/posts\/802\/revisions"}],"predecessor-version":[{"id":1590,"href":"https:\/\/www.porphyrie-leberring.de\/en\/wp-json\/wp\/v2\/posts\/802\/revisions\/1590"}],"wp:attachment":[{"href":"https:\/\/www.porphyrie-leberring.de\/en\/wp-json\/wp\/v2\/media?parent=802"}],"wp:term":[{"taxonomy":"category","embeddable":true,"href":"https:\/\/www.porphyrie-leberring.de\/en\/wp-json\/wp\/v2\/categories?post=802"},{"taxonomy":"post_tag","embeddable":true,"href":"https:\/\/www.porphyrie-leberring.de\/en\/wp-json\/wp\/v2\/tags?post=802"}],"curies":[{"name":"wp","href":"https:\/\/api.w.org\/{rel}","templated":true}]}}