{"id":492,"date":"2017-05-23T18:23:56","date_gmt":"2017-05-23T16:23:56","guid":{"rendered":"http:\/\/www.porphyrie-leberring.de\/?p=492"},"modified":"2019-10-08T16:59:22","modified_gmt":"2019-10-08T14:59:22","slug":"einladung-zum-2-porphyrie-symposium-am-14-und-15-juli-2017-in-berlin","status":"publish","type":"post","link":"https:\/\/www.porphyrie-leberring.de\/en\/2017\/05\/einladung-zum-2-porphyrie-symposium-am-14-und-15-juli-2017-in-berlin\/","title":{"rendered":"Einladung zum 2. Porphyrie-Symposium am 14. und 15. Juli 2017 in Berlin"},"content":{"rendered":"<h3><strong>Sehr geehrte Patientinnen, Patienten und Angeh\u00f6rige,<\/strong><\/h3>\n<p><strong>zum 2. Mal m\u00f6chten die Charit\u00e9, das Porphyriezentrum am Klinikum Chemnitz und der Berliner Leberring e.V. zu einem Porphyrie-Symposium in Berlin einladen. In bew\u00e4hrter Form wird es einen klinisch-wissenschaftlichen Teil am Freitag, 14.7.2017, geben und am Samstag, 15.7.2017, werden die Experten in Verbindung mit kurzen Vortr\u00e4gen Betroffenen f\u00fcr Fragen und Antworten zur Verf\u00fcgung stehen.<\/strong><\/p>\n<p>Wir stehen m\u00f6glicherweise kurz vor einer neuen Epoche in der Behandlung der Porphyrien. Die gezielte Manipulation der H\u00e4msynthese durch eine Therapie mit si-RNA k\u00f6nnte die bisherige Therapie akuter hepatischer Porphyrien mit H\u00e4marginat, dessen breiter Einsatz kritisch hinterfragt werden muss, erg\u00e4nzen bzw. vielleicht sogar ersetzen. Die neuen Daten aus ersten klinischen Studien, die im Dezember 2016 bei einem Kongress in San Diego vorgestellt wurden, zeigen eine eindrucksvolle Wirksamkeit von si-RNA bei akuter hepatischer Porphyrie. Sollten sich diese Ergebnisse weiter best\u00e4tigen, st\u00fcnden wir vor einer kleinen Revolution in der Behandlung dieser Porphyrieformen.<\/p>\n<p>Des Weiteren werden wir neue Entwicklungen und Daten vom Weltporphyriemeeting 2017 in Bordeaux vorstellen und auch auf die erfreulicherweise jetzt erfolgte Zulassung von Afamelanotid zur Linderung der Lichtempfindlichkeit bei Protoporphyrie (EPP) eingehen. Frau Professor E. Minder, die an der Entwicklung und Zulassung federf\u00fchrend beteiligt war, wird dar\u00fcber und weitergehende Aspekte berichten.<\/p>\n<p>Schlie\u00dflich wollen wir auch zeigen, wie durch Rehabilitation, die mit Geduld, Sachverstand und interdisziplin\u00e4rer Kooperation durchgef\u00fchrt wird, aussichtslos geglaubte Kranke behandelt und gebessert werden k\u00f6nnen.<\/p>\n<p><strong>Das Anmeldeformular zum 2. Porphyrie-Symposium finden Sie<\/strong> <a href=\"http:\/\/www.porphyrie-leberring.de\/wp-content\/uploads\/2017\/05\/Anmeldung.pdf\" target=\"_blank\" title=\"Anmeldeformular zum 2. Porphyrie-Symposium\" rel=\"noopener noreferrer\"><button type=\"button\">hier ->><\/button><\/a><\/p>\n<p><strong>Weitere Infos:<\/strong><\/p>\n<p><a href=\"http:\/\/www.porphyrie-leberring.de\/wp-content\/uploads\/2017\/05\/Anreise-Bahnhof-und-Flughafen-2017.pdf\" target=\"_blank\" rel=\"noopener noreferrer\"><button type=\"button\">Anreise vom Bahnhof und Flughafen<\/button><\/a><\/p>\n<p><a href=\"http:\/\/www.porphyrie-leberring.de\/wp-content\/uploads\/2017\/05\/Einladung-zum-Porphyrie-Symposium-2017-final-Stand-08-06-2017.pdf\" target=\"_blank\" rel=\"noopener noreferrer\"><button type=\"button\">Einladung zum Porphyrie Symposium 2017 &#8211; Stand 08.06.2017<\/button><\/a><\/p>\n<p><a href=\"http:\/\/www.porphyrie-leberring.de\/wp-content\/uploads\/2017\/05\/2-Porphyrie-Symposium-Berlin-2017-finales-Programm.pdf\" target=\"_blank\" rel=\"noopener noreferrer\"><button type=\"button\">2. Porphyrie-Symposium in Berlin 2017 finales Programm<\/button><\/a><\/p>\n<p>Wir freuen uns auf Ihr Kommen und spannende Gespr\u00e4che<\/p>\n<table border=\"0\">\n<tbody>\n<tr>\n<td>Prof. Dr. B. Siegmund<\/td>\n<td>Prof. Dr. R. Somasundaram<\/td>\n<td>Prof. Dr. U. St\u00f6lzel<\/td>\n<td>S. von Wegerer<\/td>\n<\/tr>\n<\/tbody>\n<\/table>\n","protected":false},"excerpt":{"rendered":"<p>Sehr geehrte Patientinnen, Patienten und Angeh\u00f6rige, zum 2. Mal m\u00f6chten die Charit\u00e9, das Porphyriezentrum am Klinikum Chemnitz und der Berliner Leberring e.V. zu einem Porphyrie-Symposium in Berlin einladen. In bew\u00e4hrter Form wird es einen klinisch-wissenschaftlichen Teil am Freitag, 14.7.2017, geben und am Samstag, 15.7.2017, werden die Experten in Verbindung mit kurzen Vortr\u00e4gen Betroffenen f\u00fcr Fragen [&hellip;]<\/p>\n","protected":false},"author":4,"featured_media":0,"comment_status":"closed","ping_status":"open","sticky":false,"template":"","format":"standard","meta":{"footnotes":""},"categories":[3,16],"tags":[15,14,17],"class_list":{"0":"post-492","1":"post","2":"type-post","3":"status-publish","4":"format-standard","6":"category-termine","7":"category-veranstaltungen","8":"tag-anmeldung","9":"tag-einladung","10":"tag-porphyrie-symposium","11":"czr-hentry"},"translation":{"provider":"WPGlobus","version":"3.0.2","language":"en","enabled_languages":["de","en"],"languages":{"de":{"title":true,"content":true,"excerpt":false},"en":{"title":false,"content":false,"excerpt":false}}},"aioseo_notices":[],"_links":{"self":[{"href":"https:\/\/www.porphyrie-leberring.de\/en\/wp-json\/wp\/v2\/posts\/492","targetHints":{"allow":["GET"]}}],"collection":[{"href":"https:\/\/www.porphyrie-leberring.de\/en\/wp-json\/wp\/v2\/posts"}],"about":[{"href":"https:\/\/www.porphyrie-leberring.de\/en\/wp-json\/wp\/v2\/types\/post"}],"author":[{"embeddable":true,"href":"https:\/\/www.porphyrie-leberring.de\/en\/wp-json\/wp\/v2\/users\/4"}],"replies":[{"embeddable":true,"href":"https:\/\/www.porphyrie-leberring.de\/en\/wp-json\/wp\/v2\/comments?post=492"}],"version-history":[{"count":14,"href":"https:\/\/www.porphyrie-leberring.de\/en\/wp-json\/wp\/v2\/posts\/492\/revisions"}],"predecessor-version":[{"id":1584,"href":"https:\/\/www.porphyrie-leberring.de\/en\/wp-json\/wp\/v2\/posts\/492\/revisions\/1584"}],"wp:attachment":[{"href":"https:\/\/www.porphyrie-leberring.de\/en\/wp-json\/wp\/v2\/media?parent=492"}],"wp:term":[{"taxonomy":"category","embeddable":true,"href":"https:\/\/www.porphyrie-leberring.de\/en\/wp-json\/wp\/v2\/categories?post=492"},{"taxonomy":"post_tag","embeddable":true,"href":"https:\/\/www.porphyrie-leberring.de\/en\/wp-json\/wp\/v2\/tags?post=492"}],"curies":[{"name":"wp","href":"https:\/\/api.w.org\/{rel}","templated":true}]}}