{"id":2699,"date":"2024-11-05T13:52:30","date_gmt":"2024-11-05T12:52:30","guid":{"rendered":"https:\/\/www.porphyrie-leberring.de\/?p=2699"},"modified":"2024-11-05T14:03:51","modified_gmt":"2024-11-05T13:03:51","slug":"pophyrie-infotag","status":"publish","type":"post","link":"https:\/\/www.porphyrie-leberring.de\/en\/2024\/11\/pophyrie-infotag\/","title":{"rendered":"Pophyrie-Infotag"},"content":{"rendered":"<p>Wir laden ein zu einem Porphyrie-Info-Tag am <strong>Sonnabend, 23. November 2024<\/strong>, ab 11 Uhr im Berliner Charit\u00e9-Klinikum Benjamin Franklin.<\/p>\n<p>Spezialisten berichten \u00fcber Neues vom Porphyrie-Weltkongress in Pamplona, informieren \u00fcber das Porphyrie-Register und zu Medikamenten, die f\u00fcr Porphyrie-Patienten vertr\u00e4glich sind. Au\u00dferdem gibt es Tipps, wie sich Porphyrie-Betroffene verhalten sollten, wenn sie in die Notaufnahme eines Krankenhauses m\u00fcssen und welche Unterlagen sie auf jeden Fall mitnehmen sollten.<\/p>\n<p>Im Anschluss an die Vortr\u00e4ge gibt es bei einem Imbiss Gelegenheit zu Gespr\u00e4chen untereinander und mit den Experten.<\/p>\n<p>N\u00e4here Informationen zur Veranstaltung finden Sie hier:<\/p>\n<p><figure id=\"attachment_2693\" aria-describedby=\"caption-attachment-2693\" style=\"width: 212px\" class=\"wp-caption alignleft\"><a href=\"https:\/\/www.porphyrie-leberring.de\/wp-content\/uploads\/2024\/11\/Einladung-porphyrie-23.11.2024-neu_001.jpg\" target=\"_blank\" rel=\"noopener\"><img loading=\"lazy\" decoding=\"async\" class=\"wp-image-2693 size-medium\" src=\"https:\/\/www.porphyrie-leberring.de\/wp-content\/uploads\/2024\/11\/Einladung-porphyrie-23.11.2024-neu_001-212x300.jpg\" alt=\"Porphyrie-Infotag, Einladung\" width=\"212\" height=\"300\" srcset=\"https:\/\/www.porphyrie-leberring.de\/wp-content\/uploads\/2024\/11\/Einladung-porphyrie-23.11.2024-neu_001-212x300.jpg 212w, https:\/\/www.porphyrie-leberring.de\/wp-content\/uploads\/2024\/11\/Einladung-porphyrie-23.11.2024-neu_001.jpg 595w\" sizes=\"auto, (max-width: 212px) 100vw, 212px\" \/><\/a><figcaption id=\"caption-attachment-2693\" class=\"wp-caption-text\">Zum Vergr\u00f6\u00dfern bitte anklicken<\/figcaption><\/figure> <figure id=\"attachment_2694\" aria-describedby=\"caption-attachment-2694\" style=\"width: 212px\" class=\"wp-caption alignleft\"><a href=\"https:\/\/www.porphyrie-leberring.de\/wp-content\/uploads\/2024\/11\/Einladung-porphyrie-23.11.2024-neu_002.jpg\" target=\"_blank\" rel=\"noopener\"><img loading=\"lazy\" decoding=\"async\" class=\"wp-image-2694 size-medium\" src=\"https:\/\/www.porphyrie-leberring.de\/wp-content\/uploads\/2024\/11\/Einladung-porphyrie-23.11.2024-neu_002-212x300.jpg\" alt=\"Porphyrie-Infotag, Programm\" width=\"212\" height=\"300\" srcset=\"https:\/\/www.porphyrie-leberring.de\/wp-content\/uploads\/2024\/11\/Einladung-porphyrie-23.11.2024-neu_002-212x300.jpg 212w, https:\/\/www.porphyrie-leberring.de\/wp-content\/uploads\/2024\/11\/Einladung-porphyrie-23.11.2024-neu_002.jpg 595w\" sizes=\"auto, (max-width: 212px) 100vw, 212px\" \/><\/a><figcaption id=\"caption-attachment-2694\" class=\"wp-caption-text\">Zum Vergr\u00f6\u00dfern bitte anklicken<\/figcaption><\/figure><\/p>\n","protected":false},"excerpt":{"rendered":"<p>Wir laden ein zu einem Porphyrie-Info-Tag am Sonnabend, 23. November 2024, ab 11 Uhr im Berliner Charit\u00e9-Klinikum Benjamin Franklin. Spezialisten berichten \u00fcber Neues vom Porphyrie-Weltkongress in Pamplona, informieren \u00fcber das Porphyrie-Register und zu Medikamenten, die f\u00fcr Porphyrie-Patienten vertr\u00e4glich sind. Au\u00dferdem gibt es Tipps, wie sich Porphyrie-Betroffene verhalten sollten, wenn sie in die Notaufnahme eines Krankenhauses [&hellip;]<\/p>\n","protected":false},"author":5,"featured_media":0,"comment_status":"closed","ping_status":"open","sticky":false,"template":"","format":"standard","meta":{"footnotes":""},"categories":[1],"tags":[8,63,80],"class_list":{"0":"post-2699","1":"post","2":"type-post","3":"status-publish","4":"format-standard","6":"category-news","7":"tag-porphyrie","8":"tag-porphyrie-betroffene","9":"tag-porphyrie-infotag","10":"czr-hentry"},"translation":{"provider":"WPGlobus","version":"3.0.2","language":"en","enabled_languages":["de","en"],"languages":{"de":{"title":true,"content":true,"excerpt":false},"en":{"title":false,"content":false,"excerpt":false}}},"aioseo_notices":[],"_links":{"self":[{"href":"https:\/\/www.porphyrie-leberring.de\/en\/wp-json\/wp\/v2\/posts\/2699","targetHints":{"allow":["GET"]}}],"collection":[{"href":"https:\/\/www.porphyrie-leberring.de\/en\/wp-json\/wp\/v2\/posts"}],"about":[{"href":"https:\/\/www.porphyrie-leberring.de\/en\/wp-json\/wp\/v2\/types\/post"}],"author":[{"embeddable":true,"href":"https:\/\/www.porphyrie-leberring.de\/en\/wp-json\/wp\/v2\/users\/5"}],"replies":[{"embeddable":true,"href":"https:\/\/www.porphyrie-leberring.de\/en\/wp-json\/wp\/v2\/comments?post=2699"}],"version-history":[{"count":4,"href":"https:\/\/www.porphyrie-leberring.de\/en\/wp-json\/wp\/v2\/posts\/2699\/revisions"}],"predecessor-version":[{"id":2722,"href":"https:\/\/www.porphyrie-leberring.de\/en\/wp-json\/wp\/v2\/posts\/2699\/revisions\/2722"}],"wp:attachment":[{"href":"https:\/\/www.porphyrie-leberring.de\/en\/wp-json\/wp\/v2\/media?parent=2699"}],"wp:term":[{"taxonomy":"category","embeddable":true,"href":"https:\/\/www.porphyrie-leberring.de\/en\/wp-json\/wp\/v2\/categories?post=2699"},{"taxonomy":"post_tag","embeddable":true,"href":"https:\/\/www.porphyrie-leberring.de\/en\/wp-json\/wp\/v2\/tags?post=2699"}],"curies":[{"name":"wp","href":"https:\/\/api.w.org\/{rel}","templated":true}]}}