{"id":1764,"date":"2020-03-12T14:21:00","date_gmt":"2020-03-12T13:21:00","guid":{"rendered":"http:\/\/www.porphyrie-leberring.de\/?p=1764"},"modified":"2020-03-12T14:22:01","modified_gmt":"2020-03-12T13:22:01","slug":"bericht-der-fortbildungsveranstaltung-zum-tag-der-seltenen-erkrankungen-am-04-03-2020-in-duesseldorf","status":"publish","type":"post","link":"https:\/\/www.porphyrie-leberring.de\/en\/2020\/03\/bericht-der-fortbildungsveranstaltung-zum-tag-der-seltenen-erkrankungen-am-04-03-2020-in-duesseldorf\/","title":{"rendered":"Bericht der Fortbildungsveranstaltung zum Tag der Seltenen Erkrankungen am 04.03.2020 in D\u00fcsseldorf"},"content":{"rendered":"<h3>Bericht der Fortbildungsveranstaltung zum Tag der Seltenen Erkrankungen am 04.03.2020 in D\u00fcsseldorf &#8211; Akut neurologische Ausf\u00e4lle: Symptome einer seltenen Erkrankung? Gemeinsam f\u00fcr die &#8220;Seltenen&#8221;<\/p>\n<ul>\n<h4>Berichterstattung nach Veranstaltungen<\/h4>\n<figure id=\"attachment_1766\" aria-describedby=\"caption-attachment-1766\" style=\"width: 169px\" class=\"wp-caption alignright\"><img loading=\"lazy\" decoding=\"async\" class=\"wp-image-1766 size-medium\" src=\"http:\/\/www.porphyrie-leberring.de\/wp-content\/uploads\/2020\/03\/20200304_163346-169x300.jpg\" alt=\"Infostand des Berliner Leberring e.V.\" width=\"169\" height=\"300\" srcset=\"https:\/\/www.porphyrie-leberring.de\/wp-content\/uploads\/2020\/03\/20200304_163346-169x300.jpg 169w, https:\/\/www.porphyrie-leberring.de\/wp-content\/uploads\/2020\/03\/20200304_163346-576x1024.jpg 576w, https:\/\/www.porphyrie-leberring.de\/wp-content\/uploads\/2020\/03\/20200304_163346-768x1365.jpg 768w, https:\/\/www.porphyrie-leberring.de\/wp-content\/uploads\/2020\/03\/20200304_163346-600x1067.jpg 600w, https:\/\/www.porphyrie-leberring.de\/wp-content\/uploads\/2020\/03\/20200304_163346-864x1536.jpg 864w, https:\/\/www.porphyrie-leberring.de\/wp-content\/uploads\/2020\/03\/20200304_163346-1152x2048.jpg 1152w, https:\/\/www.porphyrie-leberring.de\/wp-content\/uploads\/2020\/03\/20200304_163346-1320x2347.jpg 1320w, https:\/\/www.porphyrie-leberring.de\/wp-content\/uploads\/2020\/03\/20200304_163346-scaled.jpg 1440w\" sizes=\"auto, (max-width: 169px) 100vw, 169px\" \/><figcaption id=\"caption-attachment-1766\" class=\"wp-caption-text\">Infostand des Berliner Leberring e.V.<\/figcaption><\/figure>\n<li>\n<p><strong>Veranstaltung \/ Thema:<\/strong> Akut neurologische Ausf\u00e4lle: Symptome einer seltenen Erkrankung?<\/p>\n<p><strong>Gemeinsam f\u00fcr die \u201eSeltenen\u201c<\/strong><\/p>\n<\/li>\n<li>\n<p><strong>Datum:<\/strong> 04.03.2020<\/p>\n<\/li>\n<li>\n<p><strong>Ort:<\/strong> Zentrum f\u00fcr seltene Erkrankungen Klinikum D\u00fcsseldorf, Haus der Universit\u00e4t, Schadowplatz 14, 40212 D\u00fcsseldorf<\/p>\n<\/li>\n<li>\n<p><strong>Standbetreuerin \/ Referentin:<\/strong> Sabine von Wegerer<\/p>\n<\/li>\n<li>\n<p><strong>Anzahl der Teilnehmer:<\/strong> 15 (6 Interessierte und \u00c4rzte\/Studenten)<\/p>\n<\/li>\n<\/ul>\n<p><!--more--><\/p>\n<p>Es war eine kleine aber sehr interessante Veranstaltung. Alles Themen wurden mit einem Powerpoint gut erkl\u00e4rt.<\/p>\n<figure id=\"attachment_1767\" aria-describedby=\"caption-attachment-1767\" style=\"width: 300px\" class=\"wp-caption alignleft\"><img loading=\"lazy\" decoding=\"async\" src=\"http:\/\/www.porphyrie-leberring.de\/wp-content\/uploads\/2020\/03\/20200304_163359-300x169.jpg\" alt=\"Infomaterial des Berliner Leberring e.V.\" width=\"300\" height=\"169\" class=\"size-medium wp-image-1767\" srcset=\"https:\/\/www.porphyrie-leberring.de\/wp-content\/uploads\/2020\/03\/20200304_163359-300x169.jpg 300w, https:\/\/www.porphyrie-leberring.de\/wp-content\/uploads\/2020\/03\/20200304_163359-1024x576.jpg 1024w, https:\/\/www.porphyrie-leberring.de\/wp-content\/uploads\/2020\/03\/20200304_163359-768x432.jpg 768w, https:\/\/www.porphyrie-leberring.de\/wp-content\/uploads\/2020\/03\/20200304_163359-600x338.jpg 600w, https:\/\/www.porphyrie-leberring.de\/wp-content\/uploads\/2020\/03\/20200304_163359-1536x864.jpg 1536w, https:\/\/www.porphyrie-leberring.de\/wp-content\/uploads\/2020\/03\/20200304_163359-2048x1152.jpg 2048w, https:\/\/www.porphyrie-leberring.de\/wp-content\/uploads\/2020\/03\/20200304_163359-1320x743.jpg 1320w\" sizes=\"auto, (max-width: 300px) 100vw, 300px\" \/><figcaption id=\"caption-attachment-1767\" class=\"wp-caption-text\">Infomaterial des Berliner Leberring e.V.<\/figcaption><\/figure>\n<p>Prof. vom Dahl \u00fcberzeugte mit dem Vortrag \u00fcber die Porphyrie. Gemeinsam in einem Gespr\u00e4ch auf dem Podium brachten Sabine von Wegerer und Herr Prof. vom Dahl das Thema locker und verst\u00e4ndlich an. Einige Nachfragen beendeten dann unseren Part.<\/p>\n<p>Prof. vom Dahl und ich trafen uns bereits eine Stunde zuvor\u00a0 in seinem B\u00fcro und lernten uns erst einmal kennen. Ich erz\u00e4hlte ihm \u00fcber unsere Porphyrie-Aktivit\u00e4ten, er fand den Stammbaum unglaublich gut. Wir werden unsen Kontakt weiter ausdehnen und sprachen \u00fcber gegenseitige Unterst\u00fctzung (Einladungen, Veranstaltungen) . Kurz verabredeten wir eventuelle eine Gespr\u00e4chsgruppe zu gr\u00fcnden.<\/p>\n<p><strong>Datum: 10.03.2020<\/strong><\/p>\n<p>Verfasst von: Sabine von Wegerer<\/p>\n<p>[ngg src=&#8221;galleries&#8221; ids=&#8221;2&#8243; display=&#8221;basic_slideshow&#8221;]<\/p>\n","protected":false},"excerpt":{"rendered":"<p>Bericht der Fortbildungsveranstaltung zum Tag der Seltenen Erkrankungen am 04.03.2020 in D\u00fcsseldorf &#8211; Akut neurologische Ausf\u00e4lle: Symptome einer seltenen Erkrankung? Gemeinsam f\u00fcr die &#8220;Seltenen&#8221; Berichterstattung nach Veranstaltungen Veranstaltung \/ Thema: Akut neurologische Ausf\u00e4lle: Symptome einer seltenen Erkrankung? Gemeinsam f\u00fcr die \u201eSeltenen\u201c Datum: 04.03.2020 Ort: Zentrum f\u00fcr seltene Erkrankungen Klinikum D\u00fcsseldorf, Haus der Universit\u00e4t, Schadowplatz 14, [&hellip;]<\/p>\n","protected":false},"author":2,"featured_media":0,"comment_status":"open","ping_status":"open","sticky":false,"template":"","format":"standard","meta":{"footnotes":""},"categories":[1,16],"tags":[54,51,53,52,50],"class_list":{"0":"post-1764","1":"post","2":"type-post","3":"status-publish","4":"format-standard","6":"category-news","7":"category-veranstaltungen","8":"tag-gemeinsam-fuer-die-seltenen","9":"tag-klinikum-duesseldorf","10":"tag-symptome-einer-seltenen-erkrankung","11":"tag-tag-der-seltenen-erkrankungen","12":"tag-zentrum-fuer-seltene-erkrankungen","13":"czr-hentry"},"translation":{"provider":"WPGlobus","version":"3.0.2","language":"en","enabled_languages":["de","en"],"languages":{"de":{"title":true,"content":true,"excerpt":false},"en":{"title":false,"content":false,"excerpt":false}}},"aioseo_notices":[],"_links":{"self":[{"href":"https:\/\/www.porphyrie-leberring.de\/en\/wp-json\/wp\/v2\/posts\/1764","targetHints":{"allow":["GET"]}}],"collection":[{"href":"https:\/\/www.porphyrie-leberring.de\/en\/wp-json\/wp\/v2\/posts"}],"about":[{"href":"https:\/\/www.porphyrie-leberring.de\/en\/wp-json\/wp\/v2\/types\/post"}],"author":[{"embeddable":true,"href":"https:\/\/www.porphyrie-leberring.de\/en\/wp-json\/wp\/v2\/users\/2"}],"replies":[{"embeddable":true,"href":"https:\/\/www.porphyrie-leberring.de\/en\/wp-json\/wp\/v2\/comments?post=1764"}],"version-history":[{"count":17,"href":"https:\/\/www.porphyrie-leberring.de\/en\/wp-json\/wp\/v2\/posts\/1764\/revisions"}],"predecessor-version":[{"id":1841,"href":"https:\/\/www.porphyrie-leberring.de\/en\/wp-json\/wp\/v2\/posts\/1764\/revisions\/1841"}],"wp:attachment":[{"href":"https:\/\/www.porphyrie-leberring.de\/en\/wp-json\/wp\/v2\/media?parent=1764"}],"wp:term":[{"taxonomy":"category","embeddable":true,"href":"https:\/\/www.porphyrie-leberring.de\/en\/wp-json\/wp\/v2\/categories?post=1764"},{"taxonomy":"post_tag","embeddable":true,"href":"https:\/\/www.porphyrie-leberring.de\/en\/wp-json\/wp\/v2\/tags?post=1764"}],"curies":[{"name":"wp","href":"https:\/\/api.w.org\/{rel}","templated":true}]}}