{"id":1394,"date":"2019-03-21T14:00:28","date_gmt":"2019-03-21T13:00:28","guid":{"rendered":"http:\/\/www.porphyrie-leberring.de\/?p=1394"},"modified":"2019-03-14T16:48:06","modified_gmt":"2019-03-14T15:48:06","slug":"porphyrie-gruppentreffen-fruehjahr-2019","status":"publish","type":"post","link":"https:\/\/www.porphyrie-leberring.de\/en\/2019\/03\/porphyrie-gruppentreffen-fruehjahr-2019\/","title":{"rendered":"Porphyrie-Gruppentreffen Fr\u00fchjahr 2019"},"content":{"rendered":"<h3>Liebe Betroffene, Angeh\u00f6rige und Interessierte,<\/h3>\n<p>Das Porphyrie-Gruppentreffen Fr\u00fchjahr 2019 wird am <strong>27.04.2019<\/strong> in der Zeit von <strong>13:00 &#8211; 16:00 Uhr<\/strong> in den <strong>Gruppenr\u00e4umen des <em>Berliner Leberrings e.V.<\/em><\/strong> stattfinden.<\/p>\n<p>Dieses Mal werden wir uns ohne Referenten in lockerer Runde treffen. Wir haben uns daf\u00fcr folgende Themen \u00fcberlegt:<\/p>\n<ul>\n<li>Die Porphyria Awareness Week (06. &#8211; 13.04.2019): Welche Aktionen hat es gegeben? Was hat es gebracht? Welchen Eindruck haben Sie dazu gewonnen?<\/li>\n<li>Der International Porphyria Patient Day (IPPD) am 08.09. in Mailand: Was ist das f\u00fcr ein besonderer Tag? Was wird dort gemacht und f\u00fcr wen ist der IPPD?<\/li>\n<li>Wann wird das n\u00e4chste Porphyrie-Symposium stattfinden? Welche Themen w\u00e4ren Ihnen wichtig?<\/li>\n<\/ul>\n<p>Die Anmeldung zum Porphyrie-Gruppentreffen Fr\u00fchjahr 2019 finden Sie als PDF-Dokument in unserem <a href=\"http:\/\/www.porphyrie-leberring.de\/informationsmaterialien\/downloadbereich\/\" target=\"_blank\" rel=\"noopener noreferrer\">Downloadbereich<\/a>. Alternativ k\u00f6nnen Sie sich auch telefonisch oder per E-Mail anmelden. Alle Infos dazu finden Sie in unserem <a href=\"http:\/\/www.porphyrie-leberring.de\/impressum\/\" target=_blank\" rel=\"noopener noreferrer\">Impressum<\/a>.<\/p>\n<p>Bitte beachten Sie: <strong>Anmeldeschluss<\/strong> ist der <strong>23.04.2019<\/strong>.<\/p>\n","protected":false},"excerpt":{"rendered":"<p>Liebe Betroffene, Angeh\u00f6rige und Interessierte, Das Porphyrie-Gruppentreffen Fr\u00fchjahr 2019 wird am 27.04.2019 in der Zeit von 13:00 &#8211; 16:00 Uhr in den Gruppenr\u00e4umen des Berliner Leberrings e.V. stattfinden. Dieses Mal werden wir uns ohne Referenten in lockerer Runde treffen. Wir haben uns daf\u00fcr folgende Themen \u00fcberlegt: Die Porphyria Awareness Week (06. &#8211; 13.04.2019): Welche Aktionen [&hellip;]<\/p>\n","protected":false},"author":2,"featured_media":0,"comment_status":"closed","ping_status":"open","sticky":false,"template":"","format":"standard","meta":{"footnotes":""},"categories":[1],"tags":[],"class_list":{"0":"post-1394","1":"post","2":"type-post","3":"status-publish","4":"format-standard","6":"category-news","7":"czr-hentry"},"translation":{"provider":"WPGlobus","version":"3.0.2","language":"en","enabled_languages":["de","en"],"languages":{"de":{"title":true,"content":true,"excerpt":false},"en":{"title":false,"content":false,"excerpt":false}}},"aioseo_notices":[],"_links":{"self":[{"href":"https:\/\/www.porphyrie-leberring.de\/en\/wp-json\/wp\/v2\/posts\/1394","targetHints":{"allow":["GET"]}}],"collection":[{"href":"https:\/\/www.porphyrie-leberring.de\/en\/wp-json\/wp\/v2\/posts"}],"about":[{"href":"https:\/\/www.porphyrie-leberring.de\/en\/wp-json\/wp\/v2\/types\/post"}],"author":[{"embeddable":true,"href":"https:\/\/www.porphyrie-leberring.de\/en\/wp-json\/wp\/v2\/users\/2"}],"replies":[{"embeddable":true,"href":"https:\/\/www.porphyrie-leberring.de\/en\/wp-json\/wp\/v2\/comments?post=1394"}],"version-history":[{"count":4,"href":"https:\/\/www.porphyrie-leberring.de\/en\/wp-json\/wp\/v2\/posts\/1394\/revisions"}],"predecessor-version":[{"id":2755,"href":"https:\/\/www.porphyrie-leberring.de\/en\/wp-json\/wp\/v2\/posts\/1394\/revisions\/2755"}],"wp:attachment":[{"href":"https:\/\/www.porphyrie-leberring.de\/en\/wp-json\/wp\/v2\/media?parent=1394"}],"wp:term":[{"taxonomy":"category","embeddable":true,"href":"https:\/\/www.porphyrie-leberring.de\/en\/wp-json\/wp\/v2\/categories?post=1394"},{"taxonomy":"post_tag","embeddable":true,"href":"https:\/\/www.porphyrie-leberring.de\/en\/wp-json\/wp\/v2\/tags?post=1394"}],"curies":[{"name":"wp","href":"https:\/\/api.w.org\/{rel}","templated":true}]}}