{"id":1360,"date":"2019-02-28T10:00:53","date_gmt":"2019-02-28T09:00:53","guid":{"rendered":"http:\/\/www.porphyrie-leberring.de\/?p=1360"},"modified":"2019-02-22T10:08:28","modified_gmt":"2019-02-22T09:08:28","slug":"porphyria-awareness-week-2019-malt-die-welt-violett","status":"publish","type":"post","link":"https:\/\/www.porphyrie-leberring.de\/en\/2019\/02\/porphyria-awareness-week-2019-malt-die-welt-violett\/","title":{"rendered":"Porphyria Awareness Week 2019: Malt die Welt Violett!"},"content":{"rendered":"<h3>Liebe Betroffene, Angeh\u00f6rige, Freunde und Interessierte,<\/h3>\n<p><img decoding=\"async\" src=\"http:\/\/www.porphyrie-leberring.de\/wp-content\/uploads\/2019\/02\/porphyria-awareness-week_2019_symbol-300x211.jpg\" alt=\"\" width=\"200\" class=\"alignleft size-medium wp-image-1363\" srcset=\"https:\/\/www.porphyrie-leberring.de\/wp-content\/uploads\/2019\/02\/porphyria-awareness-week_2019_symbol-300x211.jpg 300w, https:\/\/www.porphyrie-leberring.de\/wp-content\/uploads\/2019\/02\/porphyria-awareness-week_2019_symbol.jpg 560w\" sizes=\"(max-width: 300px) 100vw, 300px\" \/><\/p>\n<p>&#8220;Paint the world purple &#8211; Malt die Welt Violett!&#8221; lautet das Motto der Porphyria Awareness Week 2019, die vom <strong>06. &#8211; 13.04.2019<\/strong> stattfindet. Violett: Eine Farbe, die an das H\u00e4m-Molek\u00fcl erinnert, woran es Betroffenen mangelt. W\u00e4hrend dieser Woche ist Ihr Engagement gefragt: Das weltweite gemeinsame Ziel ist, noch mehr Aufmerksamkeit f\u00fcr die Porphyrien zu schaffen.<\/p>\n<p>Noch immer werden typische Porphyrie-Symptome nicht erkannt. Noch immer werden Patienten falsch diagnostiziert und mit schubf\u00f6rdernden Medikamenten behandelt. Noch immer gestaltet sich f\u00fcr viele Betroffene die Versorgung mit den richtigen Schmerzmitteln und H\u00e4marginat (Normosang) w\u00e4hrend einer Attacke als schwierig. Und noch immer sto\u00dfen Betroffene auf Unverst\u00e4ndnis &#8211; sowohl im Privat- als auch im Arbeitsleben. Wir als <em>Berliner Leberring e.V.<\/em> sind nur eine von vielen Organisationen und Vereinen weltweit, die sich mit dieser Situation nicht zufrieden geben k\u00f6nnen. Aber bei diesem wichtigen Thema ist nun, insbesondere w\u00e4hrend der bevorstehenden Porphyria Awareness Week 2019, Ihr Einsatz gefragt.<\/p>\n<p>Weltweit werden Betroffene in dieser Zeit eigenst\u00e4ndig Aktionen durchf\u00fchren. Das k\u00f6nnen Gespr\u00e4chsrunden und Vortr\u00e4ge sein, Buttons zum Anstecken, das Verteilen von Handzetteln, Poster, Basare, Zeitungsartikel, Videos, Interviews und vieles mehr. Gerne unterst\u00fctzen wir als <em>Berliner Leberring e.V.<\/em> Sie im Rahmen unserer M\u00f6glichkeiten mit Informationsmaterial zu den Porphyrien. Au\u00dferdem teilen wir gerne Ihre Aktion oder eine Veranstaltungsank\u00fcndigung auf unserer Seite und\/oder auf Facebook, wenn Sie damit einverstanden sind.<\/p>\n<p><a href=\"http:\/\/www.porphyrie-leberring.de\/kontakt\/\">Kontaktieren<\/a> Sie uns gerne und schildern Sie uns Ihre Idee! Wir freuen uns darauf, von Ihnen zu h\u00f6ren.<\/p>\n","protected":false},"excerpt":{"rendered":"<p>Liebe Betroffene, Angeh\u00f6rige, Freunde und Interessierte, &#8220;Paint the world purple &#8211; Malt die Welt Violett!&#8221; lautet das Motto der Porphyria Awareness Week 2019, die vom 06. &#8211; 13.04.2019 stattfindet. Violett: Eine Farbe, die an das H\u00e4m-Molek\u00fcl erinnert, woran es Betroffenen mangelt. W\u00e4hrend dieser Woche ist Ihr Engagement gefragt: Das weltweite gemeinsame Ziel ist, noch mehr [&hellip;]<\/p>\n","protected":false},"author":2,"featured_media":0,"comment_status":"closed","ping_status":"open","sticky":false,"template":"","format":"standard","meta":{"footnotes":""},"categories":[1],"tags":[],"class_list":{"0":"post-1360","1":"post","2":"type-post","3":"status-publish","4":"format-standard","6":"category-news","7":"czr-hentry"},"translation":{"provider":"WPGlobus","version":"3.0.2","language":"en","enabled_languages":["de","en"],"languages":{"de":{"title":true,"content":true,"excerpt":false},"en":{"title":false,"content":false,"excerpt":false}}},"aioseo_notices":[],"_links":{"self":[{"href":"https:\/\/www.porphyrie-leberring.de\/en\/wp-json\/wp\/v2\/posts\/1360","targetHints":{"allow":["GET"]}}],"collection":[{"href":"https:\/\/www.porphyrie-leberring.de\/en\/wp-json\/wp\/v2\/posts"}],"about":[{"href":"https:\/\/www.porphyrie-leberring.de\/en\/wp-json\/wp\/v2\/types\/post"}],"author":[{"embeddable":true,"href":"https:\/\/www.porphyrie-leberring.de\/en\/wp-json\/wp\/v2\/users\/2"}],"replies":[{"embeddable":true,"href":"https:\/\/www.porphyrie-leberring.de\/en\/wp-json\/wp\/v2\/comments?post=1360"}],"version-history":[{"count":8,"href":"https:\/\/www.porphyrie-leberring.de\/en\/wp-json\/wp\/v2\/posts\/1360\/revisions"}],"predecessor-version":[{"id":1369,"href":"https:\/\/www.porphyrie-leberring.de\/en\/wp-json\/wp\/v2\/posts\/1360\/revisions\/1369"}],"wp:attachment":[{"href":"https:\/\/www.porphyrie-leberring.de\/en\/wp-json\/wp\/v2\/media?parent=1360"}],"wp:term":[{"taxonomy":"category","embeddable":true,"href":"https:\/\/www.porphyrie-leberring.de\/en\/wp-json\/wp\/v2\/categories?post=1360"},{"taxonomy":"post_tag","embeddable":true,"href":"https:\/\/www.porphyrie-leberring.de\/en\/wp-json\/wp\/v2\/tags?post=1360"}],"curies":[{"name":"wp","href":"https:\/\/api.w.org\/{rel}","templated":true}]}}