{"id":1282,"date":"2018-09-20T14:20:34","date_gmt":"2018-09-20T12:20:34","guid":{"rendered":"http:\/\/www.porphyrie-leberring.de\/?p=1282"},"modified":"2018-09-20T14:20:34","modified_gmt":"2018-09-20T12:20:34","slug":"porphyrie-gruppentreffen-im-november-2018","status":"publish","type":"post","link":"https:\/\/www.porphyrie-leberring.de\/en\/2018\/09\/porphyrie-gruppentreffen-im-november-2018\/","title":{"rendered":"Porphyrie-Gruppentreffen im November 2018"},"content":{"rendered":"<h3>Liebe Betroffene,<\/h3>\n<p>Lang war es still auf unserer Webseite, doch nun melden wir uns direkt mit einer Veranstaltungsank\u00fcndigung zur\u00fcck. Am <strong>03.11.2018<\/strong> wird das zweite diesj\u00e4hrige Treffen der Porphyrie-Gruppe stattfinden. Wir freuen uns, dieses Mal zwei Referenten aus den Fachbereichen Medizin und Biologie bei uns begr\u00fc\u00dfen zu d\u00fcrfen.<\/ br><br \/>\nWeitere organisatorische Informationen (Ort, Zeit, etc.) sowie Details zu Referenten und Vortragsthemen geben wir in der kommenden Zeit bekannt. Im Downloadbereich werden wir in K\u00fcrze einen Anmeldebogen f\u00fcr alle Interessierten zur Verf\u00fcgung stellen, wor\u00fcber wir dann auch noch einmal informieren.<\/p>\n","protected":false},"excerpt":{"rendered":"<p>Liebe Betroffene, Lang war es still auf unserer Webseite, doch nun melden wir uns direkt mit einer Veranstaltungsank\u00fcndigung zur\u00fcck. Am 03.11.2018 wird das zweite diesj\u00e4hrige Treffen der Porphyrie-Gruppe stattfinden. Wir freuen uns, dieses Mal zwei Referenten aus den Fachbereichen Medizin und Biologie bei uns begr\u00fc\u00dfen zu d\u00fcrfen. Weitere organisatorische Informationen (Ort, Zeit, etc.) sowie Details [&hellip;]<\/p>\n","protected":false},"author":2,"featured_media":0,"comment_status":"closed","ping_status":"open","sticky":false,"template":"","format":"standard","meta":{"footnotes":""},"categories":[3,16],"tags":[],"class_list":{"0":"post-1282","1":"post","2":"type-post","3":"status-publish","4":"format-standard","6":"category-termine","7":"category-veranstaltungen","8":"czr-hentry"},"translation":{"provider":"WPGlobus","version":"3.0.2","language":"en","enabled_languages":["de","en"],"languages":{"de":{"title":true,"content":true,"excerpt":false},"en":{"title":false,"content":false,"excerpt":false}}},"aioseo_notices":[],"_links":{"self":[{"href":"https:\/\/www.porphyrie-leberring.de\/en\/wp-json\/wp\/v2\/posts\/1282","targetHints":{"allow":["GET"]}}],"collection":[{"href":"https:\/\/www.porphyrie-leberring.de\/en\/wp-json\/wp\/v2\/posts"}],"about":[{"href":"https:\/\/www.porphyrie-leberring.de\/en\/wp-json\/wp\/v2\/types\/post"}],"author":[{"embeddable":true,"href":"https:\/\/www.porphyrie-leberring.de\/en\/wp-json\/wp\/v2\/users\/2"}],"replies":[{"embeddable":true,"href":"https:\/\/www.porphyrie-leberring.de\/en\/wp-json\/wp\/v2\/comments?post=1282"}],"version-history":[{"count":2,"href":"https:\/\/www.porphyrie-leberring.de\/en\/wp-json\/wp\/v2\/posts\/1282\/revisions"}],"predecessor-version":[{"id":1284,"href":"https:\/\/www.porphyrie-leberring.de\/en\/wp-json\/wp\/v2\/posts\/1282\/revisions\/1284"}],"wp:attachment":[{"href":"https:\/\/www.porphyrie-leberring.de\/en\/wp-json\/wp\/v2\/media?parent=1282"}],"wp:term":[{"taxonomy":"category","embeddable":true,"href":"https:\/\/www.porphyrie-leberring.de\/en\/wp-json\/wp\/v2\/categories?post=1282"},{"taxonomy":"post_tag","embeddable":true,"href":"https:\/\/www.porphyrie-leberring.de\/en\/wp-json\/wp\/v2\/tags?post=1282"}],"curies":[{"name":"wp","href":"https:\/\/api.w.org\/{rel}","templated":true}]}}