{"id":1231,"date":"2018-06-21T15:52:11","date_gmt":"2018-06-21T13:52:11","guid":{"rendered":"http:\/\/www.porphyrie-leberring.de\/?p=1231"},"modified":"2018-06-21T15:52:11","modified_gmt":"2018-06-21T13:52:11","slug":"deadline-zur-givosiran-studie","status":"publish","type":"post","link":"https:\/\/www.porphyrie-leberring.de\/en\/2018\/06\/deadline-zur-givosiran-studie\/","title":{"rendered":"Deadline zur Givosiran-Studie"},"content":{"rendered":"<h3>Liebe Betroffene,<\/h3>\n<p>Wie bereits in unserem letzten Newsletter angeklungen ist, wird es allem Anschein nach eine Deadline zur Girvosiran-Studie geben. Laut der <em>American Porphyria Foundation<\/em> sollen nur noch bis zum <strong>29.06.2018<\/strong> Patienten zum Screening angenommen werden (<a href=\"http:\/\/www.porphyriafoundation.com\/content\/givosiran-trials-update-and-much-more\" target=\"_blank\" rel=\"nofollow noopener\">Quelle<\/a>). Anfang Juni war eine solche Deadline ebenfalls f\u00fcr den europ\u00e4ischen Raum angedacht, weshalb der besagte Stichtag wahrscheinlich weltweite G\u00fcltigkeit hat.<\/p>\n<p>Ein Grund f\u00fcr den Aufnahmestopp von Probanden ist, dass die Studie insbesondere in Europa auf gro\u00dfe Resonanz gesto\u00dfen ist. Es besteht die M\u00f6glichkeit, dass aus diesem Grund die Teilnehmeranzahl erh\u00f6ht wird. Wir empfehlen jedoch dedem, der noch an der Studie teilnehmen m\u00f6chte und noch nicht registriert ist, sich vor dem 29.06.2018 noch zu registrieren, zum Beispiel \u00fcber diesen <a href=\"https:\/\/envisionclinicaltrial.com\/de-DE\/?utm_source=healthline&amp;utm_medium=SEM&amp;utm_campaign=aip&amp;utm_content=copy1\" target=\"_blank\" rel=\"nofollow noopener\">Link<\/a>.<\/p>\n<p>Beste Gr\u00fc\u00dfe,<br \/>\nIhr Team vom <em>Berliner Leberring e.V.<\/em><\/p>\n","protected":false},"excerpt":{"rendered":"<p>Liebe Betroffene, Wie bereits in unserem letzten Newsletter angeklungen ist, wird es allem Anschein nach eine Deadline zur Girvosiran-Studie geben. Laut der American Porphyria Foundation sollen nur noch bis zum 29.06.2018 Patienten zum Screening angenommen werden (Quelle). Anfang Juni war eine solche Deadline ebenfalls f\u00fcr den europ\u00e4ischen Raum angedacht, weshalb der besagte Stichtag wahrscheinlich weltweite [&hellip;]<\/p>\n","protected":false},"author":2,"featured_media":0,"comment_status":"closed","ping_status":"open","sticky":false,"template":"","format":"standard","meta":{"footnotes":""},"categories":[1],"tags":[],"class_list":{"0":"post-1231","1":"post","2":"type-post","3":"status-publish","4":"format-standard","6":"category-news","7":"czr-hentry"},"translation":{"provider":"WPGlobus","version":"3.0.2","language":"en","enabled_languages":["de","en"],"languages":{"de":{"title":true,"content":true,"excerpt":false},"en":{"title":false,"content":false,"excerpt":false}}},"aioseo_notices":[],"_links":{"self":[{"href":"https:\/\/www.porphyrie-leberring.de\/en\/wp-json\/wp\/v2\/posts\/1231","targetHints":{"allow":["GET"]}}],"collection":[{"href":"https:\/\/www.porphyrie-leberring.de\/en\/wp-json\/wp\/v2\/posts"}],"about":[{"href":"https:\/\/www.porphyrie-leberring.de\/en\/wp-json\/wp\/v2\/types\/post"}],"author":[{"embeddable":true,"href":"https:\/\/www.porphyrie-leberring.de\/en\/wp-json\/wp\/v2\/users\/2"}],"replies":[{"embeddable":true,"href":"https:\/\/www.porphyrie-leberring.de\/en\/wp-json\/wp\/v2\/comments?post=1231"}],"version-history":[{"count":2,"href":"https:\/\/www.porphyrie-leberring.de\/en\/wp-json\/wp\/v2\/posts\/1231\/revisions"}],"predecessor-version":[{"id":1233,"href":"https:\/\/www.porphyrie-leberring.de\/en\/wp-json\/wp\/v2\/posts\/1231\/revisions\/1233"}],"wp:attachment":[{"href":"https:\/\/www.porphyrie-leberring.de\/en\/wp-json\/wp\/v2\/media?parent=1231"}],"wp:term":[{"taxonomy":"category","embeddable":true,"href":"https:\/\/www.porphyrie-leberring.de\/en\/wp-json\/wp\/v2\/categories?post=1231"},{"taxonomy":"post_tag","embeddable":true,"href":"https:\/\/www.porphyrie-leberring.de\/en\/wp-json\/wp\/v2\/tags?post=1231"}],"curies":[{"name":"wp","href":"https:\/\/api.w.org\/{rel}","templated":true}]}}