{"id":1214,"date":"2018-06-09T13:00:27","date_gmt":"2018-06-09T11:00:27","guid":{"rendered":"http:\/\/www.porphyrie-leberring.de\/?p=1214"},"modified":"2018-06-07T17:02:29","modified_gmt":"2018-06-07T15:02:29","slug":"gruppentreffen-am-26-05-2018","status":"publish","type":"post","link":"https:\/\/www.porphyrie-leberring.de\/en\/2018\/06\/gruppentreffen-am-26-05-2018\/","title":{"rendered":"Gruppentreffen am 26.05.2018"},"content":{"rendered":"<h3>Liebe Betroffene, Angeh\u00f6rige und Freunde,<\/h3>\n<p>Heute vor zwei Wochen fand das erste Treffen der Porphyriegruppe in diesem Jahr statt. Wir bedanken uns noch einmal bei allen Teilnehmern f\u00fcr unsere fr\u00f6hliche Runde!<\/p>\n<p>Das n\u00e4chste Treffen ist f\u00fcr den <strong>03.11.2018<\/strong> geplant. Eine gesonderte Ank\u00fcndigung wird zu gegebener Zeit folgen.<\/p>\n<figure id=\"attachment_1215\" aria-describedby=\"caption-attachment-1215\" style=\"width: 300px\" class=\"wp-caption aligncenter\"><img loading=\"lazy\" decoding=\"async\" src=\"http:\/\/www.porphyrie-leberring.de\/wp-content\/uploads\/2018\/06\/gruppentreffen-foto_05-2018-300x209.jpg\" alt=\"Fr\u00f6hliche Menschengruppe auf einer Treppe\" width=\"300\" height=\"209\" class=\"size-medium wp-image-1215\" \/><figcaption id=\"caption-attachment-1215\" class=\"wp-caption-text\">Das Porphyrie-Gruppentreffen am 26.05.2018<\/figcaption><\/figure>\n","protected":false},"excerpt":{"rendered":"<p>Liebe Betroffene, Angeh\u00f6rige und Freunde, Heute vor zwei Wochen fand das erste Treffen der Porphyriegruppe in diesem Jahr statt. Wir bedanken uns noch einmal bei allen Teilnehmern f\u00fcr unsere fr\u00f6hliche Runde! Das n\u00e4chste Treffen ist f\u00fcr den 03.11.2018 geplant. Eine gesonderte Ank\u00fcndigung wird zu gegebener Zeit folgen.<\/p>\n","protected":false},"author":2,"featured_media":0,"comment_status":"closed","ping_status":"open","sticky":false,"template":"","format":"standard","meta":{"footnotes":""},"categories":[1],"tags":[],"class_list":{"0":"post-1214","1":"post","2":"type-post","3":"status-publish","4":"format-standard","6":"category-news","7":"czr-hentry"},"translation":{"provider":"WPGlobus","version":"3.0.2","language":"en","enabled_languages":["de","en"],"languages":{"de":{"title":true,"content":true,"excerpt":false},"en":{"title":false,"content":false,"excerpt":false}}},"aioseo_notices":[],"_links":{"self":[{"href":"https:\/\/www.porphyrie-leberring.de\/en\/wp-json\/wp\/v2\/posts\/1214","targetHints":{"allow":["GET"]}}],"collection":[{"href":"https:\/\/www.porphyrie-leberring.de\/en\/wp-json\/wp\/v2\/posts"}],"about":[{"href":"https:\/\/www.porphyrie-leberring.de\/en\/wp-json\/wp\/v2\/types\/post"}],"author":[{"embeddable":true,"href":"https:\/\/www.porphyrie-leberring.de\/en\/wp-json\/wp\/v2\/users\/2"}],"replies":[{"embeddable":true,"href":"https:\/\/www.porphyrie-leberring.de\/en\/wp-json\/wp\/v2\/comments?post=1214"}],"version-history":[{"count":2,"href":"https:\/\/www.porphyrie-leberring.de\/en\/wp-json\/wp\/v2\/posts\/1214\/revisions"}],"predecessor-version":[{"id":1218,"href":"https:\/\/www.porphyrie-leberring.de\/en\/wp-json\/wp\/v2\/posts\/1214\/revisions\/1218"}],"wp:attachment":[{"href":"https:\/\/www.porphyrie-leberring.de\/en\/wp-json\/wp\/v2\/media?parent=1214"}],"wp:term":[{"taxonomy":"category","embeddable":true,"href":"https:\/\/www.porphyrie-leberring.de\/en\/wp-json\/wp\/v2\/categories?post=1214"},{"taxonomy":"post_tag","embeddable":true,"href":"https:\/\/www.porphyrie-leberring.de\/en\/wp-json\/wp\/v2\/tags?post=1214"}],"curies":[{"name":"wp","href":"https:\/\/api.w.org\/{rel}","templated":true}]}}