{"id":1137,"date":"2018-04-19T15:17:14","date_gmt":"2018-04-19T13:17:14","guid":{"rendered":"http:\/\/www.porphyrie-leberring.de\/?p=1137"},"modified":"2018-05-31T14:29:45","modified_gmt":"2018-05-31T12:29:45","slug":"porphyrie-gruppentreffen-am-26-05-2018","status":"publish","type":"post","link":"https:\/\/www.porphyrie-leberring.de\/en\/2018\/04\/porphyrie-gruppentreffen-am-26-05-2018\/","title":{"rendered":"Porphyrie-Gruppentreffen am 26.05.2018"},"content":{"rendered":"<h3>Liebe Betroffene,<\/h3>\n<p>Am <strong>26.05.2018<\/strong> ist es endlich soweit: Unsere Gruppe trifft sich wieder! Wir m\u00f6chten euch hiermit alle herzlich zum Porphyrie-Gruppentreffen einladen. Themen werden dieses Mal sein:<\/p>\n<ul>\n<li><strong>Unsere neue Ansprechpartnerin f\u00fcr den Bereich Porphyrie stellt sich vor<\/strong><\/li>\n<li><strong>Neues von der ECRD-Konferenz in Wien<\/strong><\/li>\n<\/ul>\n<p>Das Treffen wird in unseren Gruppenr\u00e4umen auf dem Charit\u00e9-Gel\u00e4nde, Campus Benjamin Franklin, stattfinden.<\/p>\n<p>Die Einladung zum Porphyrie-Gruppentreffen findet ihr direkt <a href=\"http:\/\/www.porphyrie-leberring.de\/wp-content\/uploads\/2018\/04\/Einladung-und-Anmeldung-Porphyrie-Gruppentreffen_180526.pdf\" target=\"_blank\" rel=\"noopener nowollow\">hier<\/a> als PDF-Dokument oder \u00fcber unseren <a href=\"http:\/\/www.porphyrie-leberring.de\/informationsmaterialien\/downloadbereich\/\" target=\"_blank\" rel=\"noopener\">Downloadbereich<\/a>.<\/p>\n<p>Wir freuen uns auf eine sch\u00f6ne gemeinsame Zeit und interessante Gespr\u00e4che.<\/p>\n<p>\u00a0<\/p>\n<p>Sch\u00f6ne Gr\u00fc\u00dfe und bis dahin, <\/p>\n<p>euer Team vom <em>Berliner Leberring e.V.<\/em><\/p>\n","protected":false},"excerpt":{"rendered":"<p>Liebe Betroffene, Am 26.05.2018 ist es endlich soweit: Unsere Gruppe trifft sich wieder! Wir m\u00f6chten euch hiermit alle herzlich zum Porphyrie-Gruppentreffen einladen. Themen werden dieses Mal sein: Unsere neue Ansprechpartnerin f\u00fcr den Bereich Porphyrie stellt sich vor Neues von der ECRD-Konferenz in Wien Das Treffen wird in unseren Gruppenr\u00e4umen auf dem Charit\u00e9-Gel\u00e4nde, Campus Benjamin Franklin, [&hellip;]<\/p>\n","protected":false},"author":2,"featured_media":0,"comment_status":"closed","ping_status":"open","sticky":false,"template":"","format":"standard","meta":{"footnotes":""},"categories":[22],"tags":[],"class_list":{"0":"post-1137","1":"post","2":"type-post","3":"status-publish","4":"format-standard","6":"category-neuigkeiten-archiv","7":"czr-hentry"},"translation":{"provider":"WPGlobus","version":"3.0.2","language":"en","enabled_languages":["de","en"],"languages":{"de":{"title":true,"content":true,"excerpt":false},"en":{"title":false,"content":false,"excerpt":false}}},"aioseo_notices":[],"_links":{"self":[{"href":"https:\/\/www.porphyrie-leberring.de\/en\/wp-json\/wp\/v2\/posts\/1137","targetHints":{"allow":["GET"]}}],"collection":[{"href":"https:\/\/www.porphyrie-leberring.de\/en\/wp-json\/wp\/v2\/posts"}],"about":[{"href":"https:\/\/www.porphyrie-leberring.de\/en\/wp-json\/wp\/v2\/types\/post"}],"author":[{"embeddable":true,"href":"https:\/\/www.porphyrie-leberring.de\/en\/wp-json\/wp\/v2\/users\/2"}],"replies":[{"embeddable":true,"href":"https:\/\/www.porphyrie-leberring.de\/en\/wp-json\/wp\/v2\/comments?post=1137"}],"version-history":[{"count":10,"href":"https:\/\/www.porphyrie-leberring.de\/en\/wp-json\/wp\/v2\/posts\/1137\/revisions"}],"predecessor-version":[{"id":1194,"href":"https:\/\/www.porphyrie-leberring.de\/en\/wp-json\/wp\/v2\/posts\/1137\/revisions\/1194"}],"wp:attachment":[{"href":"https:\/\/www.porphyrie-leberring.de\/en\/wp-json\/wp\/v2\/media?parent=1137"}],"wp:term":[{"taxonomy":"category","embeddable":true,"href":"https:\/\/www.porphyrie-leberring.de\/en\/wp-json\/wp\/v2\/categories?post=1137"},{"taxonomy":"post_tag","embeddable":true,"href":"https:\/\/www.porphyrie-leberring.de\/en\/wp-json\/wp\/v2\/tags?post=1137"}],"curies":[{"name":"wp","href":"https:\/\/api.w.org\/{rel}","templated":true}]}}